{"id":9508,"date":"2025-06-20T14:47:48","date_gmt":"2025-06-20T11:47:48","guid":{"rendered":"https:\/\/igef.com.tr\/igef-heyetinden-el-salvador-ankara-buyukelciligine-ziyaret\/"},"modified":"2025-06-20T14:48:46","modified_gmt":"2025-06-20T11:48:46","slug":"visit-of-the-igef-delegation-to-the-embassy-of-el-salvador-in-ankara","status":"publish","type":"post","link":"https:\/\/igef.com.tr\/en\/visit-of-the-igef-delegation-to-the-embassy-of-el-salvador-in-ankara\/","title":{"rendered":"Visit of the IGEF Delegation to the Embassy of El Salvador in Ankara"},"content":{"rendered":"<p>The Chairman of the Board of the Internal Security Equipment Fair (IGEF), Mr. Zeki Erdo\u011fan, along with his accompanying delegation, paid a courtesy visit to H.E. Mr. H\u00e9ctor Jaime, Ambassador of the Republic of El Salvador to the Republic of T\u00fcrkiye.<\/p>\n<p>During the meeting, the scope, objectives, and details of the 2nd IGEF Fair\u2014scheduled to be held on 18\u201320 September 2025\u2014were discussed in depth. The strategic significance of the fair at both national and international levels was also evaluated. Furthermore, the visit laid the groundwork for potential collaborations to support the international growth of IGEF.<\/p>\n<p>We would like to extend our sincere gratitude to H.E. Ambassador H\u00e9ctor Jaime and the Embassy of El Salvador in Ankara for their kind invitation and warm hospitality.<\/p>\n<p><img loading=\"lazy\" decoding=\"async\" class=\"alignnone size-full wp-image-9503\" src=\"https:\/\/igef.com.tr\/wp-content\/uploads\/2025\/06\/haber-006.jpg\" alt=\"\" width=\"1200\" height=\"1600\" srcset=\"https:\/\/igef.com.tr\/wp-content\/uploads\/2025\/06\/haber-006.jpg 1200w, https:\/\/igef.com.tr\/wp-content\/uploads\/2025\/06\/haber-006-225x300.jpg 225w, https:\/\/igef.com.tr\/wp-content\/uploads\/2025\/06\/haber-006-768x1024.jpg 768w, https:\/\/igef.com.tr\/wp-content\/uploads\/2025\/06\/haber-006-1152x1536.jpg 1152w\" sizes=\"auto, (max-width: 1200px) 100vw, 1200px\" \/><\/p>\n","protected":false},"excerpt":{"rendered":"<p>The Chairman of the Board of the Internal Security Equipment Fair (IGEF), Mr. Zeki Erdo\u011fan, along with his accompanying delegation, paid a courtesy visit to H.E. Mr. H\u00e9ctor Jaime, Ambassador of the Republic of El Salvador to the Republic of T\u00fcrkiye. During the meeting, the scope, objectives, and details of the 2nd IGEF Fair\u2014scheduled to&#8230;<\/p>\n","protected":false},"author":1,"featured_media":9502,"comment_status":"closed","ping_status":"closed","sticky":false,"template":"","format":"standard","meta":{"footnotes":""},"categories":[16],"tags":[],"class_list":["post-9508","post","type-post","status-publish","format-standard","has-post-thumbnail","hentry","category-news"],"_links":{"self":[{"href":"https:\/\/igef.com.tr\/en\/wp-json\/wp\/v2\/posts\/9508","targetHints":{"allow":["GET"]}}],"collection":[{"href":"https:\/\/igef.com.tr\/en\/wp-json\/wp\/v2\/posts"}],"about":[{"href":"https:\/\/igef.com.tr\/en\/wp-json\/wp\/v2\/types\/post"}],"author":[{"embeddable":true,"href":"https:\/\/igef.com.tr\/en\/wp-json\/wp\/v2\/users\/1"}],"replies":[{"embeddable":true,"href":"https:\/\/igef.com.tr\/en\/wp-json\/wp\/v2\/comments?post=9508"}],"version-history":[{"count":1,"href":"https:\/\/igef.com.tr\/en\/wp-json\/wp\/v2\/posts\/9508\/revisions"}],"predecessor-version":[{"id":9509,"href":"https:\/\/igef.com.tr\/en\/wp-json\/wp\/v2\/posts\/9508\/revisions\/9509"}],"wp:featuredmedia":[{"embeddable":true,"href":"https:\/\/igef.com.tr\/en\/wp-json\/wp\/v2\/media\/9502"}],"wp:attachment":[{"href":"https:\/\/igef.com.tr\/en\/wp-json\/wp\/v2\/media?parent=9508"}],"wp:term":[{"taxonomy":"category","embeddable":true,"href":"https:\/\/igef.com.tr\/en\/wp-json\/wp\/v2\/categories?post=9508"},{"taxonomy":"post_tag","embeddable":true,"href":"https:\/\/igef.com.tr\/en\/wp-json\/wp\/v2\/tags?post=9508"}],"curies":[{"name":"wp","href":"https:\/\/api.w.org\/{rel}","templated":true}]}}