{"id":9679,"date":"2025-07-17T14:53:36","date_gmt":"2025-07-17T11:53:36","guid":{"rendered":"https:\/\/igef.com.tr\/igef-2025e-iliskin-bilgilendirme-t-c-cumhurbaskani-yardimcimiz-sn-cevdet-yilmaza-arz-edilmistir\/"},"modified":"2025-07-17T14:54:19","modified_gmt":"2025-07-17T11:54:19","slug":"a-formal-briefing-on-igef-2025-was-respectfully-submitted-to-the-vice-president-of-the-republic-of-turkiye-h-e-mr-cevdet-yilmaz","status":"publish","type":"post","link":"https:\/\/igef.com.tr\/en\/a-formal-briefing-on-igef-2025-was-respectfully-submitted-to-the-vice-president-of-the-republic-of-turkiye-h-e-mr-cevdet-yilmaz\/","title":{"rendered":"A formal briefing on IGEF 2025 was respectfully submitted to the Vice President of the Republic of T\u00fcrkiye, H.E. Mr. Cevdet YILMAZ."},"content":{"rendered":"<p>Within the scope of a high-level visit led by Mr. G\u00fcrsel BARAN, Chairman of the Ankara Chamber of Commerce, the President of the IGEF Executive Board, Mr. Zeki ERDO\u011eAN, presented a comprehensive overview and the preliminary agenda for the opening ceremony of the second edition of IGEF 2025 to the Vice President of the Republic of T\u00fcrkiye, H.E. Mr. Cevdet YILMAZ.<\/p>\n<p>We extend our profound appreciation to H.E. Mr. YILMAZ for his gracious reception and his steadfast support and interest in our exhibition, as consistently demonstrated.<\/p>\n<p><img loading=\"lazy\" decoding=\"async\" class=\"alignnone size-full wp-image-9674\" src=\"https:\/\/igef.com.tr\/wp-content\/uploads\/2025\/07\/haber-img-28.jpg\" alt=\"\" width=\"1400\" height=\"933\" srcset=\"https:\/\/igef.com.tr\/wp-content\/uploads\/2025\/07\/haber-img-28.jpg 1400w, https:\/\/igef.com.tr\/wp-content\/uploads\/2025\/07\/haber-img-28-300x200.jpg 300w, https:\/\/igef.com.tr\/wp-content\/uploads\/2025\/07\/haber-img-28-1024x682.jpg 1024w\" sizes=\"auto, (max-width: 1400px) 100vw, 1400px\" \/><\/p>\n","protected":false},"excerpt":{"rendered":"<p>Within the scope of a high-level visit led by Mr. G\u00fcrsel BARAN, Chairman of the Ankara Chamber of Commerce, the President of the IGEF Executive Board, Mr. Zeki ERDO\u011eAN, presented a comprehensive overview and the preliminary agenda for the opening ceremony of the second edition of IGEF 2025 to the Vice President of the Republic&#8230;<\/p>\n","protected":false},"author":1,"featured_media":9673,"comment_status":"closed","ping_status":"closed","sticky":false,"template":"","format":"standard","meta":{"footnotes":""},"categories":[16],"tags":[],"class_list":["post-9679","post","type-post","status-publish","format-standard","has-post-thumbnail","hentry","category-news"],"_links":{"self":[{"href":"https:\/\/igef.com.tr\/en\/wp-json\/wp\/v2\/posts\/9679","targetHints":{"allow":["GET"]}}],"collection":[{"href":"https:\/\/igef.com.tr\/en\/wp-json\/wp\/v2\/posts"}],"about":[{"href":"https:\/\/igef.com.tr\/en\/wp-json\/wp\/v2\/types\/post"}],"author":[{"embeddable":true,"href":"https:\/\/igef.com.tr\/en\/wp-json\/wp\/v2\/users\/1"}],"replies":[{"embeddable":true,"href":"https:\/\/igef.com.tr\/en\/wp-json\/wp\/v2\/comments?post=9679"}],"version-history":[{"count":1,"href":"https:\/\/igef.com.tr\/en\/wp-json\/wp\/v2\/posts\/9679\/revisions"}],"predecessor-version":[{"id":9680,"href":"https:\/\/igef.com.tr\/en\/wp-json\/wp\/v2\/posts\/9679\/revisions\/9680"}],"wp:featuredmedia":[{"embeddable":true,"href":"https:\/\/igef.com.tr\/en\/wp-json\/wp\/v2\/media\/9673"}],"wp:attachment":[{"href":"https:\/\/igef.com.tr\/en\/wp-json\/wp\/v2\/media?parent=9679"}],"wp:term":[{"taxonomy":"category","embeddable":true,"href":"https:\/\/igef.com.tr\/en\/wp-json\/wp\/v2\/categories?post=9679"},{"taxonomy":"post_tag","embeddable":true,"href":"https:\/\/igef.com.tr\/en\/wp-json\/wp\/v2\/tags?post=9679"}],"curies":[{"name":"wp","href":"https:\/\/api.w.org\/{rel}","templated":true}]}}